{"id":1928,"date":"2025-07-19T12:31:16","date_gmt":"2025-07-19T10:31:16","guid":{"rendered":"https:\/\/www.cas.lu\/wpress_cas\/?p=1928"},"modified":"2025-07-19T12:31:24","modified_gmt":"2025-07-19T10:31:24","slug":"22-meeting-international","status":"publish","type":"post","link":"http:\/\/www.cas.lu\/wpress_cas\/2025\/07\/19\/22-meeting-international\/","title":{"rendered":"22. Meeting International &#8211; 26\/07\/2025"},"content":{"rendered":"<h2>\ud83c\uddf1\ud83c\uddfaErlieft Weltklass Liichtathletik um 22. Meeting International Schifflange!<\/h2>\n<p>Maacht iech prett fir en elektreschen Dag voller Geschwindegkeet, Kraaft a F\u00e4egkeet, well den 22. Meeting International k\u00ebnnt zr\u00e9ck an de <b>Stade Jean Jacoby<\/b> de <b>Samstes, 26. Juli 2025<\/b>! Top-Athleten aus der ganzer Welt treffen sech zu Schifflange fir e spannende Showdown, wou Rekorder falen a Legenden entstinn.<\/p>\n<p>Vun spannende Sprinter bis zu m\u00e4chtege Feld-Evenementer, maacht iech prett fir d&#8217;Gr\u00e9isst virun \u00c4ren Aen z&#8217;erliewen. Erlieft d\u00e9i r\u00e9i Emotioun a spiert d\u00e9i intensiv Energie w\u00e9i d\u00ebs onheemlech Athleten d&#8217;Grenze vun der m\u00ebnschlecher Leeschtung iwwerschreiden. D\u00ebst ass \u00c4r Chance d&#8217;Aktioun live ze erliewen, hei zu Schifflange \u2013 &#8222;<b>Liichtathletik haut no erliewen<\/b>&#8222;!<\/p>\n<hr \/>\n<h3>Praktesch Parkplazen a Bleift Verbonnen<\/h3>\n<p>Fir \u00c4r Erfarung esou einfach w\u00e9i m\u00e9iglech ze maachen, bidde mir e <b>Park &amp; Ride (P&amp;R) Service<\/b> an der <b>Hall Polyvalente<\/b> (Rue Denis Netgen) un. E spezielle Shuttlebus fiert reegelm\u00e9isseg t\u00ebscht dem P&amp;R, der Gemengeplaz an dem Stade Jean Jacoby, fir en einfachen Zougang zum Event ze garant\u00e9ieren.<\/p>\n<p>Updates, Abl\u00e9cker hannert d&#8217;Kulissen a spannend Neiegkeeten am Virfeld vum Meeting, gitt s\u00e9cher eis op <a href=\"https:\/\/www.instagram.com\/cercleathletiqueschifflange\/?hl=de\">Instagram &#8211; Cercle Athl\u00e9tique Schifflange<\/a> ze verfollegen! Dir w\u00ebllt keen eenzege Moment verpassen.<\/p>\n<hr \/>\n<p>Mir free\u00ebn eis drop Iech um 22. Meeting International Schifflange fir en onvergiesslechen Dag voller Liichtathletik begr\u00e9issen ze k\u00ebnnen!<\/p>\n<p>&nbsp;<\/p>\n<h2>\ud83c\uddeb\ud83c\uddf7Vivez l&#8217;Athl\u00e9tisme de Classe Mondiale au 22e Meeting International Schifflange !<\/h2>\n<p>Pr\u00e9parez-vous pour une journ\u00e9e \u00e9lectrisante de vitesse, de force et d&#8217;habilet\u00e9 alors que le 22e Meeting International revient au <b>Stade Jean Jacoby<\/b> le <b>samedi 26 juillet 2025<\/b> ! Des athl\u00e8tes de haut niveau du monde entier convergeront \u00e0 Schifflange pour un affrontement de haute \u00e9nergie o\u00f9 les records tombent et les l\u00e9gendes naissent.<\/p>\n<p>Des sprints palpitants aux \u00e9preuves de lancer puissantes, pr\u00e9parez-vous \u00e0 \u00eatre t\u00e9moin de la grandeur sous vos yeux. Vivez l&#8217;\u00e9motion brute et ressentez l&#8217;\u00e9nergie intense alors que ces athl\u00e8tes incroyables repoussent les limites de la performance humaine. C&#8217;est votre chance de vivre l&#8217;action, ici m\u00eame \u00e0 Schifflange \u2013 &#8222;<b>Liichtathletik haut no erliewen<\/b>&#8220; !<\/p>\n<hr \/>\n<h3>Parking Facile et Restez Connect\u00e9<\/h3>\n<p>Pour rendre votre exp\u00e9rience aussi agr\u00e9able que possible, nous mettons \u00e0 votre disposition un service de <b>Park &amp; Ride (P&amp;R)<\/b> \u00e0 la <b>Hall Polyvalente<\/b> (Rue Denis Netgen). Une navette d\u00e9di\u00e9e circulera fr\u00e9quemment entre le P&amp;R, la place de la mairie et le Stade Jean Jacoby, assurant un acc\u00e8s facile \u00e0 l&#8217;\u00e9v\u00e9nement.<\/p>\n<p>Pour les derni\u00e8res mises \u00e0 jour, le contenu des coulisses et les nouvelles passionnantes avant le meeting, assurez-vous de nous suivre sur <a href=\"https:\/\/www.instagram.com\/cercleathletiqueschifflange\/?hl=de\">Instagram &#8211; Cercle Athl\u00e9tique Schifflange<\/a> ! Vous ne voudrez rien manquer.<\/p>\n<hr \/>\n<p>Nous avons h\u00e2te de vous accueillir au 22e Meeting International Schifflange pour une journ\u00e9e d&#8217;athl\u00e9tisme inoubliable !<\/p>\n<p>&nbsp;<\/p>\n<h2>\ud83c\uddec\ud83c\udde7Experience World-Class Athletics at the 22nd Meeting International Schifflange!<\/h2>\n<p>Get ready for an electrifying day of speed, strength, and skill as the 22nd Meeting International returns to <b>Stade Jean Jacoby<\/b> on <b>Saturday, July 26, 2025<\/b>! Top-tier athletes from around the globe will converge in Schifflange for a high-energy showdown where records fall and legends rise.<\/p>\n<p>From thrilling sprints to powerful field events, prepare to witness greatness unfold before your eyes. Experience the raw emotion and feel the intense energy as these incredible athletes push the limits of human performance. This is your chance to live the action, right here in Schifflange \u2013 &#8222;<b>Liichtathletik haut no erliewen<\/b>&#8222;!<\/p>\n<hr \/>\n<h3>Convenient Parking &amp; Stay Connected<\/h3>\n<p>To make your experience as smooth as possible, we&#8217;re providing a <b>Park &amp; Ride (P&amp;R) service<\/b> at the <b>Hall Polyvalente<\/b> (Rue Denis Netgen). A dedicated shuttle bus will be running frequently between the P&amp;R, the town hall square, and Stade Jean Jacoby, ensuring easy access to the event.<\/p>\n<p>For the very latest updates, behind-the-scenes content, and exciting news leading up to the meet, be sure to follow us on <a href=\"https:\/\/www.instagram.com\/cercleathletiqueschifflange\/?hl=de\">Instagram &#8211; Cercle Athl\u00e9tique Schifflange<\/a>! You won&#8217;t want to miss a single moment.<\/p>\n<hr \/>\n<p>We can&#8217;t wait to welcome you to the 22nd Meeting International Schifflange for an unforgettable day of athletics!<\/p>\n<p>&nbsp;<\/p>\n<p><img loading=\"lazy\" decoding=\"async\" class=\"aligncenter wp-image-1929\" src=\"http:\/\/www.cas.lu\/wpress_cas\/wp-content\/uploads\/2025\/07\/ECRAN-2025-1024x576.jpg\" alt=\"\" width=\"756\" height=\"425\" srcset=\"http:\/\/www.cas.lu\/wpress_cas\/wp-content\/uploads\/2025\/07\/ECRAN-2025-1024x576.jpg 1024w, http:\/\/www.cas.lu\/wpress_cas\/wp-content\/uploads\/2025\/07\/ECRAN-2025-300x169.jpg 300w, http:\/\/www.cas.lu\/wpress_cas\/wp-content\/uploads\/2025\/07\/ECRAN-2025-768x432.jpg 768w, http:\/\/www.cas.lu\/wpress_cas\/wp-content\/uploads\/2025\/07\/ECRAN-2025-1536x864.jpg 1536w, http:\/\/www.cas.lu\/wpress_cas\/wp-content\/uploads\/2025\/07\/ECRAN-2025.jpg 1920w\" sizes=\"auto, (max-width: 756px) 100vw, 756px\" \/><\/p>\n","protected":false},"excerpt":{"rendered":"<p>\ud83c\uddf1\ud83c\uddfaErlieft Weltklass Liichtathletik um 22. Meeting International Schifflange! Maacht iech prett fir en elektreschen Dag voller Geschwindegkeet, Kraaft a F\u00e4egkeet, well den 22. Meeting International k\u00ebnnt zr\u00e9ck an de Stade Jean Jacoby de Samstes, 26. Juli 2025! Top-Athleten aus der ganzer Welt treffen sech zu Schifflange fir e spannende Showdown, wou Rekorder falen a Legenden &#8230; <a class=\"read-more\" href=\"http:\/\/www.cas.lu\/wpress_cas\/2025\/07\/19\/22-meeting-international\/\">Weiterlesen &#8230;<\/a><\/p>\n","protected":false},"author":4,"featured_media":0,"comment_status":"closed","ping_status":"closed","sticky":false,"template":"","format":"standard","meta":{"footnotes":""},"categories":[1,8],"tags":[],"class_list":["post-1928","post","type-post","status-publish","format-standard","hentry","category-allgemein","category-news"],"_links":{"self":[{"href":"http:\/\/www.cas.lu\/wpress_cas\/wp-json\/wp\/v2\/posts\/1928","targetHints":{"allow":["GET"]}}],"collection":[{"href":"http:\/\/www.cas.lu\/wpress_cas\/wp-json\/wp\/v2\/posts"}],"about":[{"href":"http:\/\/www.cas.lu\/wpress_cas\/wp-json\/wp\/v2\/types\/post"}],"author":[{"embeddable":true,"href":"http:\/\/www.cas.lu\/wpress_cas\/wp-json\/wp\/v2\/users\/4"}],"replies":[{"embeddable":true,"href":"http:\/\/www.cas.lu\/wpress_cas\/wp-json\/wp\/v2\/comments?post=1928"}],"version-history":[{"count":4,"href":"http:\/\/www.cas.lu\/wpress_cas\/wp-json\/wp\/v2\/posts\/1928\/revisions"}],"predecessor-version":[{"id":1933,"href":"http:\/\/www.cas.lu\/wpress_cas\/wp-json\/wp\/v2\/posts\/1928\/revisions\/1933"}],"wp:attachment":[{"href":"http:\/\/www.cas.lu\/wpress_cas\/wp-json\/wp\/v2\/media?parent=1928"}],"wp:term":[{"taxonomy":"category","embeddable":true,"href":"http:\/\/www.cas.lu\/wpress_cas\/wp-json\/wp\/v2\/categories?post=1928"},{"taxonomy":"post_tag","embeddable":true,"href":"http:\/\/www.cas.lu\/wpress_cas\/wp-json\/wp\/v2\/tags?post=1928"}],"curies":[{"name":"wp","href":"https:\/\/api.w.org\/{rel}","templated":true}]}}