{"id":728,"date":"2016-05-01T23:20:34","date_gmt":"2016-05-01T21:20:34","guid":{"rendered":"http:\/\/www.cas.lu\/wpress_cas\/?p=728"},"modified":"2016-05-01T23:21:44","modified_gmt":"2016-05-01T21:21:44","slug":"maikranz-um-bierg","status":"publish","type":"post","link":"http:\/\/www.cas.lu\/wpress_cas\/2016\/05\/01\/maikranz-um-bierg\/","title":{"rendered":"Maikranz um Bierg"},"content":{"rendered":"<p>No gudder aaler Traditioun sinn mir och d\u00ebst Joer lassgezunn vir den 1. Mai mat engem Maikranz ze feieren. Och den P\u00e9itrus haaten mer ob eiser S\u00e9it; huet hien dach p\u00fcnktlech de Moien um 10 Auer s\u00ebng w\u00e9it oppen Schleisen zou gemaach&#8230;<br \/>\nErauskomm ass dob\u00e9i en sch\u00e9inen Daag mat guddem Iessen an flotter Ambiance.<\/p>\n<p><a href=\"http:\/\/www.cas.lu\/wpress_cas\/wp-content\/uploads\/2016\/05\/Image168.jpg\"><img loading=\"lazy\" decoding=\"async\" class=\"aligncenter wp-image-730\" src=\"http:\/\/www.cas.lu\/wpress_cas\/wp-content\/uploads\/2016\/05\/Image168-300x200.jpg\" alt=\"Image168\" width=\"623\" height=\"415\" srcset=\"http:\/\/www.cas.lu\/wpress_cas\/wp-content\/uploads\/2016\/05\/Image168-300x200.jpg 300w, http:\/\/www.cas.lu\/wpress_cas\/wp-content\/uploads\/2016\/05\/Image168-768x512.jpg 768w, http:\/\/www.cas.lu\/wpress_cas\/wp-content\/uploads\/2016\/05\/Image168-1024x682.jpg 1024w, http:\/\/www.cas.lu\/wpress_cas\/wp-content\/uploads\/2016\/05\/Image168.jpg 1280w\" sizes=\"auto, (max-width: 623px) 100vw, 623px\" \/><\/a><br \/>\nEng ganz r\u00ebtsch Fotoen vun d\u00ebsem flotten Daag kann en <a href=\"https:\/\/drive.google.com\/open?id=0BxmvP2EPzllpcHNIZW5LaVBSQXc\" target=\"_blank\">hei fannen<\/a>.<\/p>\n<hr \/>\n","protected":false},"excerpt":{"rendered":"<p>No gudder aaler Traditioun sinn mir och d\u00ebst Joer lassgezunn vir den 1. Mai mat engem Maikranz ze feieren. Och den P\u00e9itrus haaten mer ob eiser S\u00e9it; huet hien dach p\u00fcnktlech de Moien um 10 Auer s\u00ebng w\u00e9it oppen Schleisen zou gemaach&#8230; Erauskomm ass dob\u00e9i en sch\u00e9inen Daag mat guddem Iessen an flotter Ambiance. Eng &#8230; <a class=\"read-more\" href=\"http:\/\/www.cas.lu\/wpress_cas\/2016\/05\/01\/maikranz-um-bierg\/\">Weiterlesen &#8230;<\/a><\/p>\n","protected":false},"author":1,"featured_media":0,"comment_status":"closed","ping_status":"closed","sticky":false,"template":"","format":"standard","meta":{"footnotes":""},"categories":[1,8],"tags":[],"class_list":["post-728","post","type-post","status-publish","format-standard","hentry","category-allgemein","category-news"],"_links":{"self":[{"href":"http:\/\/www.cas.lu\/wpress_cas\/wp-json\/wp\/v2\/posts\/728","targetHints":{"allow":["GET"]}}],"collection":[{"href":"http:\/\/www.cas.lu\/wpress_cas\/wp-json\/wp\/v2\/posts"}],"about":[{"href":"http:\/\/www.cas.lu\/wpress_cas\/wp-json\/wp\/v2\/types\/post"}],"author":[{"embeddable":true,"href":"http:\/\/www.cas.lu\/wpress_cas\/wp-json\/wp\/v2\/users\/1"}],"replies":[{"embeddable":true,"href":"http:\/\/www.cas.lu\/wpress_cas\/wp-json\/wp\/v2\/comments?post=728"}],"version-history":[{"count":10,"href":"http:\/\/www.cas.lu\/wpress_cas\/wp-json\/wp\/v2\/posts\/728\/revisions"}],"predecessor-version":[{"id":739,"href":"http:\/\/www.cas.lu\/wpress_cas\/wp-json\/wp\/v2\/posts\/728\/revisions\/739"}],"wp:attachment":[{"href":"http:\/\/www.cas.lu\/wpress_cas\/wp-json\/wp\/v2\/media?parent=728"}],"wp:term":[{"taxonomy":"category","embeddable":true,"href":"http:\/\/www.cas.lu\/wpress_cas\/wp-json\/wp\/v2\/categories?post=728"},{"taxonomy":"post_tag","embeddable":true,"href":"http:\/\/www.cas.lu\/wpress_cas\/wp-json\/wp\/v2\/tags?post=728"}],"curies":[{"name":"wp","href":"https:\/\/api.w.org\/{rel}","templated":true}]}}