{"id":780,"date":"2016-07-17T21:42:29","date_gmt":"2016-07-17T19:42:29","guid":{"rendered":"http:\/\/www.cas.lu\/wpress_cas\/?p=780"},"modified":"2016-07-17T21:48:35","modified_gmt":"2016-07-17T19:48:35","slug":"championnats-individuels-2016","status":"publish","type":"post","link":"http:\/\/www.cas.lu\/wpress_cas\/2016\/07\/17\/championnats-individuels-2016\/","title":{"rendered":"Championnats Individuels 2016"},"content":{"rendered":"<p>D\u00ebsen Weekend woren am Stade Josy Barthel (org. CSL) d\u00e9i d\u00ebsj\u00e4hreg national Eenzelmeeschterschaften bei den Dammen &amp; H\u00e4ren.<\/p>\n<p>Dob\u00e9i konnten mir d\u00ebs Podiumen mathuelen:<\/p>\n<p>Am H\u00e9ichsprong vun den Dammen ass d&#8216;<strong>TSHILUMBA Elodie<\/strong> mat 1,66m daat 2. ginn.<\/p>\n<p>Am Kugelstoussen vun den Dammen ass d&#8216;<strong>BUSCHGENS Emilie<\/strong> mat 11,40m champion de la f\u00e9d\u00e9ration ginn. Am selwechten concours ass d&#8216;<strong>RAUSCH Florence<\/strong> mat 9,45m daat 4. ginn.<\/p>\n<p>Am Speerwurf vun den Dammen huet d&#8216;<strong>RAUSCH Florence<\/strong> mat 31,36m eng 3. Plaatz gemaach. Am selwechten concours huet d&#8216;<strong>BUSCHGENS Emilie<\/strong> mat 29,51m d\u00e9i 4. Plaatz ereecht.<\/p>\n<p>Iwwer 800m bei den M\u00e4nner konnt sech den <strong>HENSGEN Luc <\/strong>an 1:59,33s d\u00e9i 2. Plaatz s\u00ebchern.<\/p>\n<p>Weider haten mir nach um Start:<\/p>\n<p><strong>KAUFFMANN KIEFFER<\/strong> <strong>Julia<\/strong> iwwer 200m als 4. vun s\u00ebngem Vierlaaf an 28,06s<br \/>\n<strong>RAUSCH Florence <\/strong>am Diskus als 6. mat 31,46m<br \/>\n<strong>GOMES BARROS FURTADO William<\/strong> iwwer 100m als 4. vun s\u00ebngem Vierlaaf an 11,72s<br \/>\n<strong>GOMES BARROS FURTADO William<\/strong> iwwer 200m als 5. vun der Finale an 23,52s<br \/>\n<strong>CARVALHO FERNANDES Mike<\/strong> iwwer 100m als 4. vun s\u00ebngem Vierlaaf an 12,66s<br \/>\n<strong>REMY Raphael<\/strong> iwwer 5000m als 7. an 17:53,22s<br \/>\n<strong>BEBON Quentin<\/strong> am H\u00e9ichsprong als 4. mat iwwersprongenen 1,90m<br \/>\n<strong>PAULUS Jo\u00ebl<\/strong> iwwer 800m als 9. an 2:21,51s<\/p>\n<p>All d&#8217;Resultater sinn <a href=\"http:\/\/www.fla.lu\/2016\/160716\/results_champ-nat_csl.pdf\" target=\"_blank\">hei ze fannen<\/a>.<\/p>\n<hr \/>\n","protected":false},"excerpt":{"rendered":"<p>D\u00ebsen Weekend woren am Stade Josy Barthel (org. CSL) d\u00e9i d\u00ebsj\u00e4hreg national Eenzelmeeschterschaften bei den Dammen &amp; H\u00e4ren. Dob\u00e9i konnten mir d\u00ebs Podiumen mathuelen: Am H\u00e9ichsprong vun den Dammen ass d&#8216;TSHILUMBA Elodie mat 1,66m daat 2. ginn. Am Kugelstoussen vun den Dammen ass d&#8216;BUSCHGENS Emilie mat 11,40m champion de la f\u00e9d\u00e9ration ginn. Am selwechten concours &#8230; <a class=\"read-more\" href=\"http:\/\/www.cas.lu\/wpress_cas\/2016\/07\/17\/championnats-individuels-2016\/\">Weiterlesen &#8230;<\/a><\/p>\n","protected":false},"author":1,"featured_media":0,"comment_status":"closed","ping_status":"closed","sticky":false,"template":"","format":"standard","meta":{"footnotes":""},"categories":[8],"tags":[],"class_list":["post-780","post","type-post","status-publish","format-standard","hentry","category-news"],"_links":{"self":[{"href":"http:\/\/www.cas.lu\/wpress_cas\/wp-json\/wp\/v2\/posts\/780","targetHints":{"allow":["GET"]}}],"collection":[{"href":"http:\/\/www.cas.lu\/wpress_cas\/wp-json\/wp\/v2\/posts"}],"about":[{"href":"http:\/\/www.cas.lu\/wpress_cas\/wp-json\/wp\/v2\/types\/post"}],"author":[{"embeddable":true,"href":"http:\/\/www.cas.lu\/wpress_cas\/wp-json\/wp\/v2\/users\/1"}],"replies":[{"embeddable":true,"href":"http:\/\/www.cas.lu\/wpress_cas\/wp-json\/wp\/v2\/comments?post=780"}],"version-history":[{"count":6,"href":"http:\/\/www.cas.lu\/wpress_cas\/wp-json\/wp\/v2\/posts\/780\/revisions"}],"predecessor-version":[{"id":786,"href":"http:\/\/www.cas.lu\/wpress_cas\/wp-json\/wp\/v2\/posts\/780\/revisions\/786"}],"wp:attachment":[{"href":"http:\/\/www.cas.lu\/wpress_cas\/wp-json\/wp\/v2\/media?parent=780"}],"wp:term":[{"taxonomy":"category","embeddable":true,"href":"http:\/\/www.cas.lu\/wpress_cas\/wp-json\/wp\/v2\/categories?post=780"},{"taxonomy":"post_tag","embeddable":true,"href":"http:\/\/www.cas.lu\/wpress_cas\/wp-json\/wp\/v2\/tags?post=780"}],"curies":[{"name":"wp","href":"https:\/\/api.w.org\/{rel}","templated":true}]}}