{"id":882,"date":"2016-10-15T23:38:27","date_gmt":"2016-10-15T21:38:27","guid":{"rendered":"http:\/\/www.cas.lu\/wpress_cas\/?p=882"},"modified":"2016-10-15T23:43:17","modified_gmt":"2016-10-15T21:43:17","slug":"euregio-team-challenge-dueren","status":"publish","type":"post","link":"http:\/\/www.cas.lu\/wpress_cas\/2016\/10\/15\/euregio-team-challenge-dueren\/","title":{"rendered":"Euregio TEAM-CHALLENGE D\u00fcren"},"content":{"rendered":"<p>D\u00ebst Joer hun mir beim Euregio Team Challenge zu D\u00fcren (D), engem internationalen Equippenwettkampf mat Equippen aus D\u00e9itschland, Holland, Frankr\u00e9ich, L\u00ebtzebuerg an der Belsch deelgeholl.<br \/>\nEn flotte Meeting wou Athleten vun D\u00e9butants bis Seniors konnten matmaachen.<br \/>\nInsgesamt en gelongenen Daag wou mir eng 5. Plaatz am Equippeklassement errecht hun.<\/p>\n<p>Hei en <strong>Link<\/strong> <a href=\"http:\/\/www.tvobermaubach.de\/index.php?abteilung=Leichtathletik&amp;rubrik=Wettkampfberichte&amp;seite=138\" target=\"_blank\"><span class=\"fa-file-code-o\" style=\" color: #1e73be;  vertical-align: top; line-height: 1.2;\"><\/span><\/a> bei den <a href=\"http:\/\/www.tvobermaubach.de\/index.php?abteilung=Leichtathletik&amp;rubrik=Wettkampfberichte&amp;seite=138\" target=\"_blank\">TV Obermaubach<\/a> mat Resultater an Fotoen.<br \/>\nHei e puer <strong>Fotoen<\/strong> d\u00e9i vun eis geschoss si ginn: <a href=\"https:\/\/drive.google.com\/drive\/folders\/0BxmvP2EPzllpZnJQbm1nalR2S3c\" target=\"_blank\"><span class=\"fa-camera\" style=\"font-size: 16px;  color: #1e73be;  vertical-align: top; line-height: 1.2;\"><\/span><\/a> <a href=\"https:\/\/drive.google.com\/drive\/folders\/0BxmvP2EPzllpZnJQbm1nalR2S3c\" target=\"_blank\">(Google Drive)<\/a><\/p>\n<hr \/>\n","protected":false},"excerpt":{"rendered":"<p>D\u00ebst Joer hun mir beim Euregio Team Challenge zu D\u00fcren (D), engem internationalen Equippenwettkampf mat Equippen aus D\u00e9itschland, Holland, Frankr\u00e9ich, L\u00ebtzebuerg an der Belsch deelgeholl. En flotte Meeting wou Athleten vun D\u00e9butants bis Seniors konnten matmaachen. Insgesamt en gelongenen Daag wou mir eng 5. Plaatz am Equippeklassement errecht hun. Hei en Link bei den TV &#8230; <a class=\"read-more\" href=\"http:\/\/www.cas.lu\/wpress_cas\/2016\/10\/15\/euregio-team-challenge-dueren\/\">Weiterlesen &#8230;<\/a><\/p>\n","protected":false},"author":1,"featured_media":0,"comment_status":"closed","ping_status":"closed","sticky":false,"template":"","format":"standard","meta":{"footnotes":""},"categories":[8],"tags":[],"class_list":["post-882","post","type-post","status-publish","format-standard","hentry","category-news"],"_links":{"self":[{"href":"http:\/\/www.cas.lu\/wpress_cas\/wp-json\/wp\/v2\/posts\/882","targetHints":{"allow":["GET"]}}],"collection":[{"href":"http:\/\/www.cas.lu\/wpress_cas\/wp-json\/wp\/v2\/posts"}],"about":[{"href":"http:\/\/www.cas.lu\/wpress_cas\/wp-json\/wp\/v2\/types\/post"}],"author":[{"embeddable":true,"href":"http:\/\/www.cas.lu\/wpress_cas\/wp-json\/wp\/v2\/users\/1"}],"replies":[{"embeddable":true,"href":"http:\/\/www.cas.lu\/wpress_cas\/wp-json\/wp\/v2\/comments?post=882"}],"version-history":[{"count":11,"href":"http:\/\/www.cas.lu\/wpress_cas\/wp-json\/wp\/v2\/posts\/882\/revisions"}],"predecessor-version":[{"id":893,"href":"http:\/\/www.cas.lu\/wpress_cas\/wp-json\/wp\/v2\/posts\/882\/revisions\/893"}],"wp:attachment":[{"href":"http:\/\/www.cas.lu\/wpress_cas\/wp-json\/wp\/v2\/media?parent=882"}],"wp:term":[{"taxonomy":"category","embeddable":true,"href":"http:\/\/www.cas.lu\/wpress_cas\/wp-json\/wp\/v2\/categories?post=882"},{"taxonomy":"post_tag","embeddable":true,"href":"http:\/\/www.cas.lu\/wpress_cas\/wp-json\/wp\/v2\/tags?post=882"}],"curies":[{"name":"wp","href":"https:\/\/api.w.org\/{rel}","templated":true}]}}